{"id":849,"date":"2009-01-05T19:44:34","date_gmt":"2009-01-05T19:44:34","guid":{"rendered":"http:\/\/vivelibre.org\/mybb\/?p=849"},"modified":"2009-01-05T19:44:34","modified_gmt":"2009-01-05T19:44:34","slug":"un-m\u00c9dico-ante-su-muerte-","status":"publish","type":"post","link":"https:\/\/vivelibre.org\/mybb\/?p=849","title":{"rendered":"UN M\u00c9DICO ANTE SU MUERTE"},"content":{"rendered":"<p>UN M\u00c9DICO ANTE SU MUERTE &#8220;Me llamo Carlos Cristos y tengo 48 a\u00f1os. Soy m\u00e9dico de familia y creo que soy consciente del significado de la atrofia de m\u00faltiples sistemas. Es invalidante, progresiva y mortal&#8221;.<\/p>\n<p>LAS ALAS DE LA VIDA &#8211; Un hombre con una enfermedad irreversible narra su vivencia en un documental, premiado en Valladolid. &#8211; Carlos fue lo que siempre dese\u00f3: m\u00e9dico de pueblo. Tuvo &#8220;la oportunidad de hacer cosas por las que vale la pena vivir&#8221;. Tiene una mujer, tambi\u00e9n m\u00e9dico, y una hija peque\u00f1a. Y muchos amigos. Vive en una espaciosa casa en Mallorca y ha ayudado a pacientes, enfermos terminales, a pasar por el mismo trance por el que atraviesa a causa de la AMS. Para esta rara enfermedad no hay tratamiento. Pero se siente un &#8220;privilegiado&#8221;, reitera en el filme, premio al mejor documental de la reciente edici\u00f3n del Festival de Valladolid.<\/p>\n<p>Hoy apenas puede hablar ni mover su cuerpo postrado, aunque no pierde lucidez. Espera que le llegue la muerte, sin provocarla ni prolongarla, sin dolor, sin m\u00e1quinas. As\u00ed lo ha dejado escrito. Pero antes ha querido aprovechar su &#8220;energ\u00eda restante&#8221; y su experiencia como m\u00e9dico para realizar un proyecto de divulgaci\u00f3n que aborde &#8220;con frialdad y desapasionamiento los temas relativos al fallecimiento&#8221;. &#8220;Reflexionar y, si es posible, con una sonrisa&#8221;, apostilla. Carlos le pidi\u00f3 a un amigo, el realizador Toni Canet, que filmara los \u00faltimos a\u00f1os de su vida, su proceso de aceptaci\u00f3n de la inminencia de la muerte. De 2003 a mayo del 2006, una c\u00e1mara se col\u00f3 en su casa, su dormitorio, las comidas familiares, las reuniones con los amigos, las visitas al neur\u00f3logo, las sesiones de fisioterapia, la piscina donde su hija le ense\u00f1a c\u00f3mo bucea. Las im\u00e1genes recogen las espl\u00e9ndidas panor\u00e1micas del Mediterr\u00e1neo o el Atl\u00e1ntico que Carlos disfrutaba desde su ala delta, a la que era aficionado. En la pel\u00edcula se recoge la evoluci\u00f3n de la enfermedad y del pensamiento de quien hace bromas casi hasta el final. El m\u00e9dico tambi\u00e9n tuvo una faceta de comunicador. Colaboraba con Radio Nacional de Espa\u00f1a dando consejos m\u00e9dicos. Adem\u00e1s, era inventor de diversos artilugios, como la rejilla de esta\u00f1o que le permit\u00eda pulsar una sola tecla con un dedo para escribir en el ordenador. En el documental tambi\u00e9n se escucha m\u00fasica compuesta por \u00e9l, que form\u00f3 parte en su juventud del grupo musical Buxo, en su Galicia natal. De hecho, not\u00f3 uno de los primeros s\u00edntomas de la enfermedad cuando empez\u00f3 a &#8220;emborronar el discurso musical&#8221;.<\/p>\n<p>No dio importancia a dejar de conducir. Fue poco a poco renunciando a los actos m\u00e1s cotidianos. La ayuda de su esposa, Carmen Font, ha sido imprescindible. El amor incondicional de su hija, un est\u00edmulo. El diagn\u00f3stico de la enfermedad fue como una amputaci\u00f3n &#8220;de la esperanza&#8221;, dice su mujer en el documental, estrenado el pasado viernes en Valencia y Valladolid, y pr\u00f3ximamente en el resto de Espa\u00f1a. &#8220;Lo entiendes con la cabeza, pero no con el coraz\u00f3n&#8221;, apunta \u00e9l. Tambi\u00e9n Carlos ha ayudado en lo que puede. Est\u00e1 conectado por Internet con la asociaci\u00f3n que aglutina en todo el mundo a 800 enfermos de la extra\u00f1a AMS. Como es el \u00fanico m\u00e9dico de la asociaci\u00f3n, recibe muchas consultas, explica y da consejos. Nada es f\u00e1cil cuando no se encuentra remedio para s\u00ed mismo. Lo prob\u00f3 todo. La investigaci\u00f3n con c\u00e9lulas madre abri\u00f3 una rendija al optimismo. Se present\u00f3 voluntario para que se experimentara con \u00e9l los adelantos que se practicaban en las ratas de laboratorio. Uno de los m\u00e1s destacados cient\u00edficos en el campo de las c\u00e9lulas madre en Espa\u00f1a, Carlos Sim\u00f3n, lamenta en la pel\u00edcula la imposibilidad de ayudarle ahora, aunque muy probablemente en cinco a\u00f1os, se encontrar\u00e1 una cura con estas t\u00e9cnicas. &#8211; &#8220;Toni, \u00bfest\u00e1s rodando?&#8221;, pregunta Carlos al cineasta con quien ha convivido para realizar un testimonio irrepetible. &#8220;Ha sido muy doloroso. Pero al mismo tiempo hemos estado juntos, como amigos del alma, haciendo lo que quer\u00edamos. Yo he estado yendo una semana al mes a su casa, comparti\u00e9ndolo todo con su familia&#8221;, apunta el realizador.<\/p>\n<p>Carlos ha tenido tiempo de ver su pel\u00edcula, de recibir el reconocimiento de sus colegas m\u00e9dicos. &#8220;Intento no aferrarme a la vida. A veces me despierto y digo: &#8216;Co\u00f1o, si estoy aqu\u00ed&#8217;. Acto seguido te asalta la duda. Lo m\u00e1s jodido de todo es la incertidumbre&#8221;, comenta. No es un hombre religioso. &#8220;\u00bfQu\u00e9 se va sentir en el momento del tr\u00e1nsito?, \u00bfQu\u00e9 pasar\u00e1 en el \u00faltimo microsegundo?&#8221;, se pregunta. Y recuerda la historia del abad que sali\u00f3 a dar un paseo y se qued\u00f3 ensimismado por el canto de un p\u00e1jaro. Cuando volvi\u00f3 al convento, hab\u00edan pasado 200 a\u00f1os.<\/p>\n<p>EN BUSCA DE UN VIDA DIGNA &#8211; Una pel\u00edcula valenciana narra la lucha contra la muerte de un enfermo terminal que aprovecha al m\u00e1ximo el tiempo que le queda El m\u00e9dico Carlos Cristos, que padece desde hace a\u00f1os una enfermedad neurodegenerativa, invalidante, terminal y mortal ?atrofia de m\u00faltiples sistemas (AMS)?, llama a un amigo, director de cine, para que filme su lucha por la dignidad en el vivir y en el morir, sin dramatismo y al ser posible con una sonrisa. El realizador amigo es el valenciano Antoni P. Canet y el resultado son 90 minutos de esperanza que resumen tres a\u00f1os en compa\u00f1\u00eda de un enfermo terminal. ?No se trata de una pel\u00edcula de alguien que desea morir, sino de alguien que lucha por vivir y reconoce que la muerte es una etapa m\u00e1s de esa vida?. As\u00ed resume Canet Las alas de la vida, el filme-documental valenciano que ma\u00f1ana se estrenar\u00e1 en el Festival de Cine de Valladolid en la secci\u00f3n Tiempo de Historia.<\/p>\n<p>COMPARACI\u00d3N CON ?MAR ADENTRO? ?La comparaci\u00f3n con Mar adentro va a ser inevitable, pero Cristo no reclama una muerte digna como la demandaba Sampedro, sino la capacidad para decidir una muerte sin reanimaci\u00f3n artificial. Son cintas complementarias?, se\u00f1ala Canet, quien asegura que si no fuera amigo de Carlos Cristo no se hubiera embarcado en este proyecto donde se mezcla ?amistad, intimidad, ciencia y cine?. Cogidas de la mano, enfermedad y pel\u00edcula han viajado con Carlos para reflexionar junto con su familia, sus amigos, sus compa\u00f1eros, m\u00e9dicos y cient\u00edficos, sobre las vivencias y los grandes temas asociados al final de la vida. Y el \u00faltimo tramo del camino lo han recorrido como Carlos ha querido: mirando a la muerte a la cara, con serenidad ?y, si es posible, con una sonrisa?. Sin tab\u00faes. ?En las m\u00e1s de 70 horas grabadas nos hemos convertido en los depositarios del l\u00facido testamento vital de Carlos. Hemos captado la aceptaci\u00f3n del diagn\u00f3stico, las obligadas renuncias a conducir, a trabajar, a caminar; la adaptaci\u00f3n de su entorno con el dise\u00f1o de artilugios que hacen m\u00e1s llevadera su invalidez, las visitas a los m\u00e9dicos, e, incluso, hemos viajado a Galicia, su tierra natal, para asistir a las despedidas?, explica el director.<\/p>\n<p>* Accedea al video de la pel\u00edcula &#8220;Las alas de la vida&#8221; haciendo click aqu\u00ed:\u00a0 http:\/\/video.google.es\/videoplay?docid=-863230978861883166<\/p>\n<p>* Accede a la p\u00e1gina oficial del fil haciendo click aqu\u00ed:\u00a0 http:\/\/www.lasalasdelavida.com\/index.html<\/p>\n<p>Fuente: http:\/\/www.intramed.net\/47574<\/p>\n<p>http:\/\/www.intramed.net\/actualidad\/art_1.asp?idActualidad=47574&#038;nomCat=Actualidades%20Miscel\u00e1neas<\/p>\n","protected":false},"excerpt":{"rendered":"<p>UN M\u00c9DICO ANTE SU MUERTE &#8220;Me llamo Carlos Cristos y tengo 48 a\u00f1os. Soy m\u00e9dico de familia y creo que soy consciente del significado de la atrofia de m\u00faltiples sistemas. Es invalidante, progresiva y mortal&#8221;. LAS ALAS DE LA VIDA &#8211; Un hombre con una enfermedad irreversible narra su vivencia en un documental, premiado en<\/p>\n<p class=\"text-right\"><span class=\"screen-reader-text\">Continue Reading&#8230; UN M\u00c9DICO ANTE SU MUERTE<\/span><a class=\"btn btn-secondary continue-reading\" href=\"https:\/\/vivelibre.org\/mybb\/?p=849\">Continue Reading&#8230;<\/a><\/p>\n","protected":false},"author":3,"featured_media":0,"comment_status":"closed","ping_status":"open","sticky":false,"template":"","format":"standard","meta":{"footnotes":""},"categories":[53],"tags":[],"class_list":["post-849","post","type-post","status-publish","format-standard","hentry","category-el-personal-medico-y-la-tanatologia"],"_links":{"self":[{"href":"https:\/\/vivelibre.org\/mybb\/index.php?rest_route=\/wp\/v2\/posts\/849","targetHints":{"allow":["GET"]}}],"collection":[{"href":"https:\/\/vivelibre.org\/mybb\/index.php?rest_route=\/wp\/v2\/posts"}],"about":[{"href":"https:\/\/vivelibre.org\/mybb\/index.php?rest_route=\/wp\/v2\/types\/post"}],"author":[{"embeddable":true,"href":"https:\/\/vivelibre.org\/mybb\/index.php?rest_route=\/wp\/v2\/users\/3"}],"replies":[{"embeddable":true,"href":"https:\/\/vivelibre.org\/mybb\/index.php?rest_route=%2Fwp%2Fv2%2Fcomments&post=849"}],"version-history":[{"count":0,"href":"https:\/\/vivelibre.org\/mybb\/index.php?rest_route=\/wp\/v2\/posts\/849\/revisions"}],"wp:attachment":[{"href":"https:\/\/vivelibre.org\/mybb\/index.php?rest_route=%2Fwp%2Fv2%2Fmedia&parent=849"}],"wp:term":[{"taxonomy":"category","embeddable":true,"href":"https:\/\/vivelibre.org\/mybb\/index.php?rest_route=%2Fwp%2Fv2%2Fcategories&post=849"},{"taxonomy":"post_tag","embeddable":true,"href":"https:\/\/vivelibre.org\/mybb\/index.php?rest_route=%2Fwp%2Fv2%2Ftags&post=849"}],"curies":[{"name":"wp","href":"https:\/\/api.w.org\/{rel}","templated":true}]}}