{"id":1136,"date":"2009-01-16T19:26:19","date_gmt":"2009-01-16T19:26:19","guid":{"rendered":"http:\/\/vivelibre.org\/mybb\/?p=1136"},"modified":"2009-01-16T19:26:19","modified_gmt":"2009-01-16T19:26:19","slug":"albert-einstein","status":"publish","type":"post","link":"https:\/\/vivelibre.org\/mybb\/?p=1136","title":{"rendered":"Albert Einstein"},"content":{"rendered":"<p>ALBERT EINSTEIN<br \/>\n(1879-1955)<\/p>\n<p>Albert naci\u00f3 en Ulm, Alemania, el 14 de marzo de 1879. Sus padres se llamaban Hermann y Pauline, jud\u00edos de clase media. Ya desde joven se interes\u00f3 por las matem\u00e1ticas, conociendo a la perfecci\u00f3n, con tan solo doce a\u00f1os, la geometr\u00eda euclidiana. La mayor parte de su juventud la pas\u00f3 en Munich, d\u00f3nde le fue regalado un viol\u00edn, con el cual al poco tiempo comenz\u00f3 a tocar obras de Beethoven y Mozart, acompa\u00f1ado por su madre en el piano. Su familia era jud\u00eda, pero no practicaba la religi\u00f3n, por lo tanto no se la inculc\u00f3 al joven Einstein. Su padre pose\u00eda un taller en el cual fabricaba artefactos electr\u00f3nicos, pero no tuvieron suerte en ese negocio, por lo tanto, cuando Albert pose\u00eda quince a\u00f1os, se trasladaron a Pav\u00eda, Italia, a buscar mejor suerte. Luego de un a\u00f1o, viaj\u00f3 a Suiza, donde consigui\u00f3 su ciudadan\u00eda (en 1900), aprob\u00f3 los ex\u00e1menes en una escuela secundaria, se gradu\u00f3 como f\u00edsico e ingres\u00f3 al Instituto Polit\u00e9cnico Nacional de Zurich, d\u00f3nde pas\u00f3 dos a\u00f1os como profesor suplente.<\/p>\n<p>Lleg\u00f3 el a\u00f1o 1902 y encontr\u00f3 a Albert trabajando en la Oficina Suiza de Patentes de Berna, al fin en un empleo seguro; en \u00e9l deb\u00eda de anotar los detalles de los inventos que se registraban en la oficina. Un a\u00f1o despu\u00e9s, se encontraba &#8220;frente al altar&#8221;, junto a Mileva Maritsch -la cual fallecer\u00eda en el a\u00f1o 1948, 29 a\u00f1os despu\u00e9s de haberse divorciado de Einstein-, pues se hab\u00eda enamorado de la f\u00edsica (ya que Mileva tambi\u00e9n lo era) y decidieron casarse. En 1905 le escribi\u00f3 una carta a un amigo prometi\u00e9ndole cuatro trabajos, en la cual describ\u00eda que el primero se trataba sobre la radiaci\u00f3n y la energ\u00eda de la luz, d\u00f3nde afirm\u00f3 que \u00e9sta en ciertas circunstancias se comporta como una part\u00edcula; en el segundo tratar\u00eda sobre el tama\u00f1o del \u00e1tomo; el cuarto trat\u00f3 sobre el movimiento que presentan las part\u00edculas dentro de un fluido (el movimiento browniano); el cuarto sobre la electrodin\u00e1mica de los cuerpos en movimiento, y el quinto (pues public\u00f3 uno m\u00e1s de los que hab\u00eda prometido) se titulaba &#8220;la relatividad especial&#8221;. \u00c9stos art\u00edculos fueron publicados por fin en el n\u00famero 17 de la revista alemana Anales de F\u00edsica.<\/p>\n<p>La teor\u00eda de la relatividad especial dec\u00eda, en pocas palabras, que no es posible viajar a la velocidad de la luz, y mucho menos a mayor velocidad que ella; y como segundo t\u00e9rmino que cada objeto viajando a distinta velocidad con respecto a otro, posee un espacio y un tiempo propio, es decir, que el tiempo y el espacio son &#8220;relativos&#8221; de cada persona seg\u00fan la velocidad que posean. De aqu\u00ed surgi\u00f3 la famosa ecuaci\u00f3n: E = mc2, donde muestra la equivalencia entre la energ\u00eda que posee cada objeto (aunque se encuentre en reposo) y su masa, en d\u00f3nde la primera es igual a la segunda multiplicada y vuelta a multiplicar por la velocidad de la luz (300000 kil\u00f3metros por segundo). Einstein ya era padre, pues hab\u00eda tenido dos hijos con Mileva: Hans Albert y Eduard. Luego de esto, Einstein empez\u00f3 a adquirir fama y se empez\u00f3 a mezclar m\u00e1s con sus colegas. Dej\u00f3 la oficina de patentes y se convirti\u00f3 en profesor en Berna, Praga y luego en Zurich. En un congreso, en 1909, pronunci\u00f3 un discurso en el cual hablaba sobre la relatividad y sobre los cuantos (\u00e9stas son unidades individuales, las cuales transportan la energ\u00eda de los rayos luminosos) y su fama sigui\u00f3 en aumento.<\/p>\n<p>En el a\u00f1o 1914 Albert se traslad\u00f3 a Berl\u00edn, d\u00f3nde le hab\u00eda otorgado el puesto de investigador en la Academia Prusiana de Ciencias. Al tiempo, la relaci\u00f3n entre \u00e9l y Mileva se deterior\u00f3 y termin\u00f3 en el divorcio; enferm\u00f3 y su prima Elsa, junto con sus dos hijas fueron a cuidarlo y finalmente se terminaron casando.<\/p>\n<p>En los a\u00f1os siguientes se dedic\u00f3 a la b\u00fasqueda de una teor\u00eda m\u00e1s general; la llam\u00f3 Teor\u00eda de la Relatividad General. En ella se abordaba el tema de la gravedad y dec\u00eda que la luz es atraida por la acci\u00f3n de \u00e9sta. En 1919 se prepararon dos excursiones para verificar esta afirmaci\u00f3n: una a Brasil y la otra a la isla Pr\u00edncipe, pues ocurrir\u00eda un eclipse. All\u00ed se demostrar\u00eda la aparente desviaci\u00f3n de la posici\u00f3n de las estrellas cercanas al Sol (visualmente hablando, claro est\u00e1). La teor\u00eda fue demostrada. Se comprob\u00f3 la desviaci\u00f3n de la posici\u00f3n de las estrellas que se encontraban cerca del borde del Sol eclipsado. Mientras tanto, Europa sufr\u00eda por la reciente guerra, la inolvidable Primera Guerra Mundial. Los nazis, en Alemania, le echaban la culpa a los pacifistas y a los jud\u00edos de la derrota; Einstein era las dos cosas (aunque nunca practic\u00f3 la religi\u00f3n en s\u00ed misma; una vez dijo: &#8220;&#8230;soy un no creyente profundamente religioso.&#8221;). Viaj\u00f3 por Londres, visit\u00f3 la tumba de Newton y lleg\u00f3 a Estados Unidos. En 1922 viaj\u00f3 a Par\u00eds; un a\u00f1o antes hab\u00eda ganado el Premio Nobel de F\u00edsica. En el a\u00f1o de 1933 Elsa y Albert volvieron a EE.UU., d\u00f3nde ocup\u00f3 un puesto en el Instituto de Estudios Superiores en Princeton, Nueva Jersey. En el a\u00f1o 1939, junto con otros f\u00edsicos, Einstein escribi\u00f3 una carta al presidente Franklin D. Roosevelt en la que ped\u00eda un programa especial para el estudio de la destrucci\u00f3n del \u00e1tomo y la reacci\u00f3n en cadena; pero se le hizo caso omiso. Volvi\u00f3 a escribirle al presidente (en 1945) pero nuevamente no fue tomado en cuenta. Declin\u00f3 una propuesta para la presidencia del Estado de Israel en 1952. Finalmente muri\u00f3 el 18 de abril de 1955, a las 7:55 de la madrugada, dignamente, pues se neg\u00f3 a ser operado de una ruptura en la arteria aorta. Su cuerpo fue cremado y sus cenizas se esparcieron en alg\u00fan lugar que no se dio a conocer, pues esas fueron sus instrucciones: no quer\u00eda que su tumba se convirtiera en un lugar de peregrinaje. Pero nos dej\u00f3 un legado inmenso, de incalculable valor, su paso por este mundo, por este Universo curvo, por este espaciotiempo, no fue en vano, ni mucho menos. &#8220;Nunca pierdas la santa curiosidad&#8221;, dijo.<\/p>\n<p>La geometr\u00eda utilizada por Einstein no fue la euclidiana, sino la geometr\u00eda tetradimensional riemanniana -llamada as\u00ed en honor al matem\u00e1tico alem\u00e1n Bernhard Riemann (1826-1866)- de espacio curvo, en la que demuestra, por ejemplo, que es posible una geometr\u00eda en la que no existen l\u00edneas rectas: las l\u00edneas sobre la superficie de una esfera, por ejemplo.<\/p>\n<p>Una historia que a Einstein le gust\u00f3 contar sobre su ni\u00f1ez era de una &#8220;maravilla&#8221; que \u00e9l vio cuando ten\u00eda cuatro o cinco a\u00f1os: un comp\u00e1s magn\u00e9tico. El norte invariable de la aguja guarda balance, guiado por una fuerza invisible, impresion\u00f3 profundamente al ni\u00f1o. El comp\u00e1s lo convenci\u00f3 de que all\u00ed hab\u00eda &#8220;algo detr\u00e1s de las cosas, algo profundamente escondido&#8221;. As\u00ed era el peque\u00f1o Einstein, un muchacho peque\u00f1o, autosuficiente y pensativo. Seg\u00fan la leyenda familiar \u00e9l era, al principio, una persona lenta para hablar, mientras hac\u00eda pausas para considerar lo que dir\u00eda. Su hermana record\u00f3 la concentraci\u00f3n y perseverancia con que \u00e9l constru\u00eda las casas con naipes. El pensamiento del muchacho se estimul\u00f3 por su t\u00edo, un ingeniero, y por un estudiante m\u00e9dico que cenaba una vez por semana con los Einsteins.<\/p>\n<p>http:\/\/www.geocities.com\/id_imaginedream\/bioeinstein.htm<\/p>\n","protected":false},"excerpt":{"rendered":"<p>ALBERT EINSTEIN (1879-1955) Albert naci\u00f3 en Ulm, Alemania, el 14 de marzo de 1879. Sus padres se llamaban Hermann y Pauline, jud\u00edos de clase media. Ya desde joven se interes\u00f3 por las matem\u00e1ticas, conociendo a la perfecci\u00f3n, con tan solo doce a\u00f1os, la geometr\u00eda euclidiana. La mayor parte de su juventud la pas\u00f3 en Munich,<\/p>\n<p class=\"text-right\"><span class=\"screen-reader-text\">Continue Reading&#8230; Albert Einstein<\/span><a class=\"btn btn-secondary continue-reading\" href=\"https:\/\/vivelibre.org\/mybb\/?p=1136\">Continue Reading&#8230;<\/a><\/p>\n","protected":false},"author":1,"featured_media":0,"comment_status":"closed","ping_status":"open","sticky":false,"template":"","format":"standard","meta":{"footnotes":""},"categories":[19],"tags":[],"class_list":["post-1136","post","type-post","status-publish","format-standard","hentry","category-filosofia"],"_links":{"self":[{"href":"https:\/\/vivelibre.org\/mybb\/index.php?rest_route=\/wp\/v2\/posts\/1136","targetHints":{"allow":["GET"]}}],"collection":[{"href":"https:\/\/vivelibre.org\/mybb\/index.php?rest_route=\/wp\/v2\/posts"}],"about":[{"href":"https:\/\/vivelibre.org\/mybb\/index.php?rest_route=\/wp\/v2\/types\/post"}],"author":[{"embeddable":true,"href":"https:\/\/vivelibre.org\/mybb\/index.php?rest_route=\/wp\/v2\/users\/1"}],"replies":[{"embeddable":true,"href":"https:\/\/vivelibre.org\/mybb\/index.php?rest_route=%2Fwp%2Fv2%2Fcomments&post=1136"}],"version-history":[{"count":0,"href":"https:\/\/vivelibre.org\/mybb\/index.php?rest_route=\/wp\/v2\/posts\/1136\/revisions"}],"wp:attachment":[{"href":"https:\/\/vivelibre.org\/mybb\/index.php?rest_route=%2Fwp%2Fv2%2Fmedia&parent=1136"}],"wp:term":[{"taxonomy":"category","embeddable":true,"href":"https:\/\/vivelibre.org\/mybb\/index.php?rest_route=%2Fwp%2Fv2%2Fcategories&post=1136"},{"taxonomy":"post_tag","embeddable":true,"href":"https:\/\/vivelibre.org\/mybb\/index.php?rest_route=%2Fwp%2Fv2%2Ftags&post=1136"}],"curies":[{"name":"wp","href":"https:\/\/api.w.org\/{rel}","templated":true}]}}